{"id":1018,"date":"2022-11-27T20:59:38","date_gmt":"2022-11-27T20:59:38","guid":{"rendered":"https:\/\/quimicositapetininga.org.br\/?p=1018"},"modified":"2023-06-15T23:02:45","modified_gmt":"2023-06-15T23:02:45","slug":"centrais-pedem-urgencia-na-pec-da-responsabilidade-social-e-valorizacao-do-salario-minimo","status":"publish","type":"post","link":"https:\/\/quimicositapetininga.org.br\/?p=1018","title":{"rendered":"Centrais pedem urg\u00eancia na PEC da Responsabilidade Social e valoriza\u00e7\u00e3o do sal\u00e1rio m\u00ednimo"},"content":{"rendered":"\t\t<div data-elementor-type=\"wp-post\" data-elementor-id=\"1018\" class=\"elementor elementor-1018\" data-elementor-settings=\"[]\">\n\t\t\t\t\t\t\t<div class=\"elementor-section-wrap\">\n\t\t\t\t\t\t\t<section class=\"elementor-section elementor-top-section elementor-element elementor-element-504d0f7 elementor-section-boxed elementor-section-height-default elementor-section-height-default\" data-id=\"504d0f7\" data-element_type=\"section\">\n\t\t\t\t\t\t<div class=\"elementor-container elementor-column-gap-default\">\n\t\t\t\t\t<div class=\"elementor-column elementor-col-100 elementor-top-column elementor-element elementor-element-9c6178a\" data-id=\"9c6178a\" data-element_type=\"column\">\n\t\t\t<div class=\"elementor-widget-wrap elementor-element-populated\">\n\t\t\t\t\t\t\t\t<div class=\"elementor-element elementor-element-dcac055 elementor-widget elementor-widget-heading\" data-id=\"dcac055\" data-element_type=\"widget\" data-widget_type=\"heading.default\">\n\t\t\t\t<div class=\"elementor-widget-container\">\n\t\t\t<style>\/*! elementor - v3.5.3 - 28-12-2021 *\/\n.elementor-heading-title{padding:0;margin:0;line-height:1}.elementor-widget-heading .elementor-heading-title[class*=elementor-size-]>a{color:inherit;font-size:inherit;line-height:inherit}.elementor-widget-heading .elementor-heading-title.elementor-size-small{font-size:15px}.elementor-widget-heading .elementor-heading-title.elementor-size-medium{font-size:19px}.elementor-widget-heading .elementor-heading-title.elementor-size-large{font-size:29px}.elementor-widget-heading .elementor-heading-title.elementor-size-xl{font-size:39px}.elementor-widget-heading .elementor-heading-title.elementor-size-xxl{font-size:59px}<\/style><h2 class=\"elementor-heading-title elementor-size-xl\">Centrais pedem urg\u00eancia na PEC da Responsabilidade Social e valoriza\u00e7\u00e3o do sal\u00e1rio m\u00ednimo<\/h2>\t\t<\/div>\n\t\t\t\t<\/div>\n\t\t\t\t\t<\/div>\n\t\t<\/div>\n\t\t\t\t\t\t\t<\/div>\n\t\t<\/section>\n\t\t\t\t<section class=\"elementor-section elementor-top-section elementor-element elementor-element-ebee7f7 elementor-section-boxed elementor-section-height-default elementor-section-height-default\" data-id=\"ebee7f7\" data-element_type=\"section\">\n\t\t\t\t\t\t<div class=\"elementor-container elementor-column-gap-default\">\n\t\t\t\t\t<div class=\"elementor-column elementor-col-100 elementor-top-column elementor-element elementor-element-e883fac\" data-id=\"e883fac\" data-element_type=\"column\">\n\t\t\t<div class=\"elementor-widget-wrap elementor-element-populated\">\n\t\t\t\t\t\t\t\t<div class=\"elementor-element elementor-element-5bed031 elementor-widget elementor-widget-image\" data-id=\"5bed031\" data-element_type=\"widget\" data-widget_type=\"image.default\">\n\t\t\t\t<div class=\"elementor-widget-container\">\n\t\t\t<style>\/*! elementor - v3.5.3 - 28-12-2021 *\/\n.elementor-widget-image{text-align:center}.elementor-widget-image a{display:inline-block}.elementor-widget-image a img[src$=\".svg\"]{width:48px}.elementor-widget-image img{vertical-align:middle;display:inline-block}<\/style>\t\t\t\t\t\t\t\t\t\t\t\t<img loading=\"lazy\" decoding=\"async\" width=\"585\" height=\"290\" src=\"https:\/\/quimicositapetininga.org.br\/wp-content\/uploads\/2022\/11\/31713-carteira.jpg\" class=\"attachment-large size-large\" alt=\"\" \/>\t\t\t\t\t\t\t\t\t\t\t\t\t\t\t<\/div>\n\t\t\t\t<\/div>\n\t\t\t\t\t<\/div>\n\t\t<\/div>\n\t\t\t\t\t\t\t<\/div>\n\t\t<\/section>\n\t\t\t\t<section class=\"elementor-section elementor-top-section elementor-element elementor-element-7958210 elementor-section-boxed elementor-section-height-default elementor-section-height-default\" data-id=\"7958210\" data-element_type=\"section\">\n\t\t\t\t\t\t<div class=\"elementor-container elementor-column-gap-default\">\n\t\t\t\t\t<div class=\"elementor-column elementor-col-100 elementor-top-column elementor-element elementor-element-1c9f237\" data-id=\"1c9f237\" data-element_type=\"column\">\n\t\t\t<div class=\"elementor-widget-wrap elementor-element-populated\">\n\t\t\t\t\t\t\t\t<div class=\"elementor-element elementor-element-66d9db2 elementor-widget elementor-widget-text-editor\" data-id=\"66d9db2\" data-element_type=\"widget\" data-widget_type=\"text-editor.default\">\n\t\t\t\t<div class=\"elementor-widget-container\">\n\t\t\t<style>\/*! elementor - v3.5.3 - 28-12-2021 *\/\n.elementor-widget-text-editor.elementor-drop-cap-view-stacked .elementor-drop-cap{background-color:#818a91;color:#fff}.elementor-widget-text-editor.elementor-drop-cap-view-framed .elementor-drop-cap{color:#818a91;border:3px solid;background-color:transparent}.elementor-widget-text-editor:not(.elementor-drop-cap-view-default) .elementor-drop-cap{margin-top:8px}.elementor-widget-text-editor:not(.elementor-drop-cap-view-default) .elementor-drop-cap-letter{width:1em;height:1em}.elementor-widget-text-editor .elementor-drop-cap{float:left;text-align:center;line-height:1;font-size:50px}.elementor-widget-text-editor .elementor-drop-cap-letter{display:inline-block}<\/style>\t\t\t\t<p>As centrais sindicais declararam apoio a aprova\u00e7\u00e3o urgente da PEC (Projeto de Emenda Constitucional) da Responsabilidade Social e \u00e0 retomada da Pol\u00edtica de Valoriza\u00e7\u00e3o do Sal\u00e1rio M\u00ednimo.<\/p><p>O an\u00fancio foi feito atrav\u00e9s de nota assinada pelos presidentes das centrais sindicais. \u201cPropomos que o valor do sal\u00e1rio m\u00ednimo em 2023 seja de R$ 1.342,00, considerando a estimativa da infla\u00e7\u00e3o de 2022 somado ao PIB de 2021\u201d, dizem no texto.<\/p><p>Os sindicalistas, dizem na nota, que na concordam com o falso debate institu\u00eddo em torno da PEC sobre a responsabilidade fiscal versus a responsabilidade social. \u201cA responsabilidade fiscal n\u00e3o pode ser \u00e0s custas dos trabalhadores e trabalhadoras, da popula\u00e7\u00e3o mais pobre, nem t\u00e3o pouco dos investimentos necess\u00e1rios para reconstru\u00e7\u00e3o do pa\u00eds.\u201d<\/p><p>As lideran\u00e7as das centrais sindicais ressaltam ainda que a\u00a0Pol\u00edtica de Valoriza\u00e7\u00e3o do Sal\u00e1rio M\u00ednimo que vigorou entre 2007 a 2019, institu\u00edda a partir de negocia\u00e7\u00e3o com o movimento sindical brasileiro, tem um enorme alcance como pol\u00edtica p\u00fablica, atingindo cerca de 60 milh\u00f5es de pessoas entre assalariados, servidores, benefici\u00e1rios da Previd\u00eancia e de outros benefici\u00e1rios de pol\u00edticas sociais.<\/p><p>Na nota, as Centrais Sindicais defendem o reajuste do sal\u00e1rio m\u00ednimo em 2023, com aumento real e o estabelecimento de uma mesa de negocia\u00e7\u00e3o para construir uma nova pol\u00edtica de valoriza\u00e7\u00e3o permanente do sal\u00e1rio para os pr\u00f3ximos anos.<\/p><h3>Veja a seguir a \u00edntegra da nota:<\/h3><blockquote><p><em>Nota das centrais sindicais<\/em><\/p><p><em>APOIO A PEC DA RESPONSABILIDADE SOCIAL E A VALORIZA\u00c7\u00c3O DO SAL\u00c1RIO M\u00cdNIMO<\/em><\/p><p><em>As Centrais Sindicais reunidas no dia 25 de novembro de 2022, em S\u00e3o Paulo, declaram seu apoio a aprova\u00e7\u00e3o urgente da PEC (Projeto de Emenda Constitucional) da Responsabilidade Social e \u00e0 retomada da Pol\u00edtica de Valoriza\u00e7\u00e3o do Sal\u00e1rio M\u00ednimo. Propomos que o valor do sal\u00e1rio m\u00ednimo em 2023 seja de R$ 1.342,00, considerando a estimativa da infla\u00e7\u00e3o de 2022 somado ao PIB de 2021.<\/em><\/p><p><em>N\u00e3o concordamos com o falso debate institu\u00eddo em torno da PEC sobre a responsabilidade fiscal versus a responsabilidade social. A responsabilidade fiscal n\u00e3o pode ser \u00e0s custas dos trabalhadores e trabalhadoras, da popula\u00e7\u00e3o mais pobre, nem t\u00e3o pouco dos investimentos necess\u00e1rios para reconstru\u00e7\u00e3o do pa\u00eds. Ao contr\u00e1rio, as medidas previstas na PEC contribuem para a retomada do crescimento econ\u00f4mico nacional.<\/em><\/p><p><em>A aprova\u00e7\u00e3o da PEC libera recursos para programas que atualmente est\u00e3o praticamente zerados no or\u00e7amento de 2023, como: farm\u00e1cia popular, merenda escolar, programa Minha Casa, Minha Vida e o aumento real do Sal\u00e1rio M\u00ednimo.<\/em><\/p><p><em>A Pol\u00edtica de Valoriza\u00e7\u00e3o do Sal\u00e1rio M\u00ednimo que vigorou entre 2007 a 2019, institu\u00edda a partir de negocia\u00e7\u00e3o com o movimento sindical brasileiro, tem um enorme alcance como pol\u00edtica p\u00fablica, atingindo cerca de 60 milh\u00f5es de pessoas entre assalariados, servidores, benefici\u00e1rios da Previd\u00eancia e de outros benefici\u00e1rios de pol\u00edticas sociais.<\/em><\/p><p><em>A eleva\u00e7\u00e3o do piso nacional contribuiu para reduzir as desigualdades salariais entre homens e mulheres, negros e n\u00e3o negros, entre regi\u00f5es, com impacto positivo sobre os reajustes dos pisos salariais das diversas categorias de trabalhadores e de aposentados e pensionistas. Junto com o Bolsa Fam\u00edlia, \u00e9 reconhecida como um dos fatores mais importantes para o aumento da renda da popula\u00e7\u00e3o mais pobre e por induzir a amplia\u00e7\u00e3o do mercado consumidor interno, fortalecendo a economia brasileira. A pol\u00edtica estabeleceu, ao mesmo tempo, uma regra permanente e previs\u00edvel, promovendo uma recupera\u00e7\u00e3o gradativa.<\/em><\/p><p><em>O ano de 2022 foi marcado por forte carestia que resultou em perda do poder de compra da classe trabalhadora, aumento da inseguran\u00e7a alimentar e aumento da inadimpl\u00eancia do or\u00e7amento das fam\u00edlias. A recomposi\u00e7\u00e3o da renda da classe trabalhadora \u00e9 condi\u00e7\u00e3o fundamental para a retomada do crescimento econ\u00f4mico com justi\u00e7a social.<\/em><\/p><p><em>Por esses motivos, as Centrais Sindicais defendem o reajuste do sal\u00e1rio m\u00ednimo em 2023, com aumento real e o estabelecimento de uma mesa de negocia\u00e7\u00e3o para construir uma nova pol\u00edtica de valoriza\u00e7\u00e3o permanente do sal\u00e1rio para os pr\u00f3ximos anos.<\/em><\/p><p><em>As Centrais Sindicais conclamam os parlamentares a se somarem na justa luta da classe trabalhadora e de todo povo brasileiro, aprovando a PEC da responsabilidade social.<\/em><\/p><p><em>S\u00e3o Paulo, 25 de novembro de 2022<\/em><\/p><p><em><strong>Sergio Nobre<\/strong>, Presidente da CUT (Central \u00danica dos Trabalhadores)<\/em><br \/><em><strong>Miguel Torres<\/strong>, Presidente da For\u00e7a Sindical<\/em><br \/><em><strong>Ricardo Patah<\/strong>, Presidente da UGT (Uni\u00e3o Geral dos Trabalhadores)<\/em><br \/><em><strong>Adilson Ara\u00fajo<\/strong>, Presidente da CTB (Central dos Trabalhadores e Trabalhadoras do Brasil)<\/em><br \/><em><strong>Moacyr Roberto Tesch Auersvald<\/strong>, Presidente da NCST (Nova Central Sindical de Trabalhadores)<\/em><br \/><em><strong>Ant\u00f4nio Neto<\/strong>, Presidente da CSB (Central dos Sindicatos Brasileiros)<\/em><br \/><em><strong>Nilza Pereira<\/strong>, Secret\u00e1ria-geral da Intersindical Central da Classe Trabalhadora<\/em><br \/><em><strong>Jos\u00e9 Gozze<\/strong>, Presidente da P\u00fablica Central do Servidor<\/em><\/p><\/blockquote>\t\t\t\t\t\t<\/div>\n\t\t\t\t<\/div>\n\t\t\t\t\t<\/div>\n\t\t<\/div>\n\t\t\t\t\t\t\t<\/div>\n\t\t<\/section>\n\t\t\t\t\t\t<\/div>\n\t\t\t\t\t<\/div>\n\t\t","protected":false},"excerpt":{"rendered":"<p>Centrais pedem urg\u00eancia na PEC da Responsabilidade Social e valoriza\u00e7\u00e3o do sal\u00e1rio m\u00ednimo As centrais sindicais declararam apoio a aprova\u00e7\u00e3o urgente da PEC (Projeto de Emenda Constitucional) da Responsabilidade Social e \u00e0 retomada da Pol\u00edtica de Valoriza\u00e7\u00e3o do Sal\u00e1rio M\u00ednimo. O an\u00fancio foi feito atrav\u00e9s de nota assinada pelos presidentes das centrais sindicais. \u201cPropomos que [&hellip;]<\/p>\n","protected":false},"author":1,"featured_media":0,"comment_status":"closed","ping_status":"closed","sticky":false,"template":"elementor_canvas","format":"standard","meta":{"footnotes":""},"categories":[15],"tags":[],"_links":{"self":[{"href":"https:\/\/quimicositapetininga.org.br\/index.php?rest_route=\/wp\/v2\/posts\/1018"}],"collection":[{"href":"https:\/\/quimicositapetininga.org.br\/index.php?rest_route=\/wp\/v2\/posts"}],"about":[{"href":"https:\/\/quimicositapetininga.org.br\/index.php?rest_route=\/wp\/v2\/types\/post"}],"author":[{"embeddable":true,"href":"https:\/\/quimicositapetininga.org.br\/index.php?rest_route=\/wp\/v2\/users\/1"}],"replies":[{"embeddable":true,"href":"https:\/\/quimicositapetininga.org.br\/index.php?rest_route=%2Fwp%2Fv2%2Fcomments&post=1018"}],"version-history":[{"count":7,"href":"https:\/\/quimicositapetininga.org.br\/index.php?rest_route=\/wp\/v2\/posts\/1018\/revisions"}],"predecessor-version":[{"id":1029,"href":"https:\/\/quimicositapetininga.org.br\/index.php?rest_route=\/wp\/v2\/posts\/1018\/revisions\/1029"}],"wp:attachment":[{"href":"https:\/\/quimicositapetininga.org.br\/index.php?rest_route=%2Fwp%2Fv2%2Fmedia&parent=1018"}],"wp:term":[{"taxonomy":"category","embeddable":true,"href":"https:\/\/quimicositapetininga.org.br\/index.php?rest_route=%2Fwp%2Fv2%2Fcategories&post=1018"},{"taxonomy":"post_tag","embeddable":true,"href":"https:\/\/quimicositapetininga.org.br\/index.php?rest_route=%2Fwp%2Fv2%2Ftags&post=1018"}],"curies":[{"name":"wp","href":"https:\/\/api.w.org\/{rel}","templated":true}]}}